{"id":1079,"date":"2021-01-14T09:59:11","date_gmt":"2021-01-14T08:59:11","guid":{"rendered":"http:\/\/www.scolaire-collines.com\/ecole\/?p=1079"},"modified":"2021-02-04T14:54:33","modified_gmt":"2021-02-04T13:54:33","slug":"presentation-de-lecole","status":"publish","type":"post","link":"https:\/\/www.scolaire-collines.com\/ecole\/2021\/01\/14\/presentation-de-lecole\/","title":{"rendered":"Dossier d&rsquo;inscription : fiches de pr\u00e9sentation de l&rsquo;\u00e9cole"},"content":{"rendered":"<blockquote><p><a href=\"http:\/\/www.scolaire-collines.com\/ecole\/wp-content\/uploads\/2021\/01\/PRESENTATION-Ecole-Notre-Dame-des-Collines-Dossier-INSCRIPTION-2021.pdf\">Avant de finaliser l&rsquo;inscription de votre enfant, et nous rendre les documents demand\u00e9s, veuillez cliquer sur ce lien pour lire le dossier de pr\u00e9sentation de l&rsquo;\u00e9cole pour prendre connaissance de notre organisation et de nos diff\u00e9rents projets.<\/a><\/p>\n<p><a href=\"http:\/\/www.scolaire-collines.com\/ecole\/wp-content\/uploads\/2021\/01\/PRESENTATION-Ecole-Notre-Dame-des-Collines-Dossier-INSCRIPTION-2021.pdf\">Il est important que vous soyez d&rsquo;accord avec ce que nous proposons pour la scolarit\u00e9 des enfants, sur le plan \u00e9ducatif, p\u00e9dagogique et pastoral.\u00a0<\/a><\/p><\/blockquote>\n<p>&nbsp;<\/p>\n<p><strong><span style=\"text-decoration: underline;\"><a href=\"http:\/\/www.scolaire-collines.com\/ecole\/wp-content\/uploads\/2021\/01\/PRESENTATION-Ecole-Notre-Dame-des-Collines-Dossier-INSCRIPTION-2021.pdf\">PRESENTATION Ecole Notre Dame des Collines Dossier INSCRIPTION 2021<\/a><\/span><\/strong><\/p>\n<p>&nbsp;<\/p>\n<p>&nbsp;<\/p>\n","protected":false},"excerpt":{"rendered":"<p>Avant de finaliser l&rsquo;inscription de votre enfant, et nous rendre les documents demand\u00e9s, veuillez cliquer sur ce lien pour lire le dossier de pr\u00e9sentation de l&rsquo;\u00e9cole pour prendre connaissance de [&hellip;]<\/p>\n","protected":false},"author":2,"featured_media":0,"comment_status":"closed","ping_status":"closed","sticky":false,"template":"","format":"standard","meta":{"_acf_changed":false,"footnotes":""},"categories":[1],"tags":[],"class_list":["post-1079","post","type-post","status-publish","format-standard","hentry","category-non-classe"],"acf":[],"yoast_head":"<!-- This site is optimized with the Yoast SEO plugin v24.2 - https:\/\/yoast.com\/wordpress\/plugins\/seo\/ -->\n<title>Dossier d&#039;inscription : fiches de pr\u00e9sentation de l&#039;\u00e9cole - Ecole Notre Dame des Collines<\/title>\n<meta name=\"robots\" content=\"index, follow, max-snippet:-1, max-image-preview:large, max-video-preview:-1\" \/>\n<link rel=\"canonical\" href=\"http:\/\/www.scolaire-collines.com\/ecole\/2021\/01\/14\/presentation-de-lecole\/\" \/>\n<meta property=\"og:locale\" content=\"fr_FR\" \/>\n<meta property=\"og:type\" content=\"article\" \/>\n<meta property=\"og:title\" content=\"Dossier d&#039;inscription : fiches de pr\u00e9sentation de l&#039;\u00e9cole - Ecole Notre Dame des Collines\" \/>\n<meta property=\"og:description\" content=\"Avant de finaliser l&rsquo;inscription de votre enfant, et nous rendre les documents demand\u00e9s, veuillez cliquer sur ce lien pour lire le dossier de pr\u00e9sentation de l&rsquo;\u00e9cole pour prendre connaissance de [&hellip;]\" \/>\n<meta property=\"og:url\" content=\"http:\/\/www.scolaire-collines.com\/ecole\/2021\/01\/14\/presentation-de-lecole\/\" \/>\n<meta property=\"og:site_name\" content=\"Ecole Notre Dame des Collines\" \/>\n<meta property=\"article:published_time\" content=\"2021-01-14T08:59:11+00:00\" \/>\n<meta property=\"article:modified_time\" content=\"2021-02-04T13:54:33+00:00\" \/>\n<meta name=\"author\" content=\"DIRndc\" \/>\n<meta name=\"twitter:card\" content=\"summary_large_image\" \/>\n<meta name=\"twitter:label1\" content=\"\u00c9crit par\" \/>\n\t<meta name=\"twitter:data1\" content=\"DIRndc\" \/>\n<script type=\"application\/ld+json\" class=\"yoast-schema-graph\">{\"@context\":\"https:\/\/schema.org\",\"@graph\":[{\"@type\":\"WebPage\",\"@id\":\"http:\/\/www.scolaire-collines.com\/ecole\/2021\/01\/14\/presentation-de-lecole\/\",\"url\":\"http:\/\/www.scolaire-collines.com\/ecole\/2021\/01\/14\/presentation-de-lecole\/\",\"name\":\"Dossier d'inscription : fiches de pr\u00e9sentation de l'\u00e9cole - Ecole Notre Dame des Collines\",\"isPartOf\":{\"@id\":\"https:\/\/www.scolaire-collines.com\/ecole\/#website\"},\"datePublished\":\"2021-01-14T08:59:11+00:00\",\"dateModified\":\"2021-02-04T13:54:33+00:00\",\"author\":{\"@id\":\"https:\/\/www.scolaire-collines.com\/ecole\/#\/schema\/person\/593e414c135843e6c9ce713c66e6f1a1\"},\"breadcrumb\":{\"@id\":\"http:\/\/www.scolaire-collines.com\/ecole\/2021\/01\/14\/presentation-de-lecole\/#breadcrumb\"},\"inLanguage\":\"fr-FR\",\"potentialAction\":[{\"@type\":\"ReadAction\",\"target\":[\"http:\/\/www.scolaire-collines.com\/ecole\/2021\/01\/14\/presentation-de-lecole\/\"]}]},{\"@type\":\"BreadcrumbList\",\"@id\":\"http:\/\/www.scolaire-collines.com\/ecole\/2021\/01\/14\/presentation-de-lecole\/#breadcrumb\",\"itemListElement\":[{\"@type\":\"ListItem\",\"position\":1,\"name\":\"Accueil\",\"item\":\"https:\/\/www.scolaire-collines.com\/ecole\/\"},{\"@type\":\"ListItem\",\"position\":2,\"name\":\"Dossier d&rsquo;inscription : fiches de pr\u00e9sentation de l&rsquo;\u00e9cole\"}]},{\"@type\":\"WebSite\",\"@id\":\"https:\/\/www.scolaire-collines.com\/ecole\/#website\",\"url\":\"https:\/\/www.scolaire-collines.com\/ecole\/\",\"name\":\"Ecole Notre Dame des Collines\",\"description\":\"Groupe scolaire des Collines\",\"potentialAction\":[{\"@type\":\"SearchAction\",\"target\":{\"@type\":\"EntryPoint\",\"urlTemplate\":\"https:\/\/www.scolaire-collines.com\/ecole\/?s={search_term_string}\"},\"query-input\":{\"@type\":\"PropertyValueSpecification\",\"valueRequired\":true,\"valueName\":\"search_term_string\"}}],\"inLanguage\":\"fr-FR\"},{\"@type\":\"Person\",\"@id\":\"https:\/\/www.scolaire-collines.com\/ecole\/#\/schema\/person\/593e414c135843e6c9ce713c66e6f1a1\",\"name\":\"DIRndc\",\"image\":{\"@type\":\"ImageObject\",\"inLanguage\":\"fr-FR\",\"@id\":\"https:\/\/www.scolaire-collines.com\/ecole\/#\/schema\/person\/image\/\",\"url\":\"https:\/\/secure.gravatar.com\/avatar\/e39896ef83d6eb17ec2b27cb50101d9a?s=96&d=mm&r=g\",\"contentUrl\":\"https:\/\/secure.gravatar.com\/avatar\/e39896ef83d6eb17ec2b27cb50101d9a?s=96&d=mm&r=g\",\"caption\":\"DIRndc\"},\"url\":\"https:\/\/www.scolaire-collines.com\/ecole\/author\/dirndc\/\"}]}<\/script>\n<!-- \/ Yoast SEO plugin. -->","yoast_head_json":{"title":"Dossier d'inscription : fiches de pr\u00e9sentation de l'\u00e9cole - Ecole Notre Dame des Collines","robots":{"index":"index","follow":"follow","max-snippet":"max-snippet:-1","max-image-preview":"max-image-preview:large","max-video-preview":"max-video-preview:-1"},"canonical":"http:\/\/www.scolaire-collines.com\/ecole\/2021\/01\/14\/presentation-de-lecole\/","og_locale":"fr_FR","og_type":"article","og_title":"Dossier d'inscription : fiches de pr\u00e9sentation de l'\u00e9cole - Ecole Notre Dame des Collines","og_description":"Avant de finaliser l&rsquo;inscription de votre enfant, et nous rendre les documents demand\u00e9s, veuillez cliquer sur ce lien pour lire le dossier de pr\u00e9sentation de l&rsquo;\u00e9cole pour prendre connaissance de [&hellip;]","og_url":"http:\/\/www.scolaire-collines.com\/ecole\/2021\/01\/14\/presentation-de-lecole\/","og_site_name":"Ecole Notre Dame des Collines","article_published_time":"2021-01-14T08:59:11+00:00","article_modified_time":"2021-02-04T13:54:33+00:00","author":"DIRndc","twitter_card":"summary_large_image","twitter_misc":{"\u00c9crit par":"DIRndc"},"schema":{"@context":"https:\/\/schema.org","@graph":[{"@type":"WebPage","@id":"http:\/\/www.scolaire-collines.com\/ecole\/2021\/01\/14\/presentation-de-lecole\/","url":"http:\/\/www.scolaire-collines.com\/ecole\/2021\/01\/14\/presentation-de-lecole\/","name":"Dossier d'inscription : fiches de pr\u00e9sentation de l'\u00e9cole - Ecole Notre Dame des Collines","isPartOf":{"@id":"https:\/\/www.scolaire-collines.com\/ecole\/#website"},"datePublished":"2021-01-14T08:59:11+00:00","dateModified":"2021-02-04T13:54:33+00:00","author":{"@id":"https:\/\/www.scolaire-collines.com\/ecole\/#\/schema\/person\/593e414c135843e6c9ce713c66e6f1a1"},"breadcrumb":{"@id":"http:\/\/www.scolaire-collines.com\/ecole\/2021\/01\/14\/presentation-de-lecole\/#breadcrumb"},"inLanguage":"fr-FR","potentialAction":[{"@type":"ReadAction","target":["http:\/\/www.scolaire-collines.com\/ecole\/2021\/01\/14\/presentation-de-lecole\/"]}]},{"@type":"BreadcrumbList","@id":"http:\/\/www.scolaire-collines.com\/ecole\/2021\/01\/14\/presentation-de-lecole\/#breadcrumb","itemListElement":[{"@type":"ListItem","position":1,"name":"Accueil","item":"https:\/\/www.scolaire-collines.com\/ecole\/"},{"@type":"ListItem","position":2,"name":"Dossier d&rsquo;inscription : fiches de pr\u00e9sentation de l&rsquo;\u00e9cole"}]},{"@type":"WebSite","@id":"https:\/\/www.scolaire-collines.com\/ecole\/#website","url":"https:\/\/www.scolaire-collines.com\/ecole\/","name":"Ecole Notre Dame des Collines","description":"Groupe scolaire des Collines","potentialAction":[{"@type":"SearchAction","target":{"@type":"EntryPoint","urlTemplate":"https:\/\/www.scolaire-collines.com\/ecole\/?s={search_term_string}"},"query-input":{"@type":"PropertyValueSpecification","valueRequired":true,"valueName":"search_term_string"}}],"inLanguage":"fr-FR"},{"@type":"Person","@id":"https:\/\/www.scolaire-collines.com\/ecole\/#\/schema\/person\/593e414c135843e6c9ce713c66e6f1a1","name":"DIRndc","image":{"@type":"ImageObject","inLanguage":"fr-FR","@id":"https:\/\/www.scolaire-collines.com\/ecole\/#\/schema\/person\/image\/","url":"https:\/\/secure.gravatar.com\/avatar\/e39896ef83d6eb17ec2b27cb50101d9a?s=96&d=mm&r=g","contentUrl":"https:\/\/secure.gravatar.com\/avatar\/e39896ef83d6eb17ec2b27cb50101d9a?s=96&d=mm&r=g","caption":"DIRndc"},"url":"https:\/\/www.scolaire-collines.com\/ecole\/author\/dirndc\/"}]}},"_links":{"self":[{"href":"https:\/\/www.scolaire-collines.com\/ecole\/wp-json\/wp\/v2\/posts\/1079","targetHints":{"allow":["GET"]}}],"collection":[{"href":"https:\/\/www.scolaire-collines.com\/ecole\/wp-json\/wp\/v2\/posts"}],"about":[{"href":"https:\/\/www.scolaire-collines.com\/ecole\/wp-json\/wp\/v2\/types\/post"}],"author":[{"embeddable":true,"href":"https:\/\/www.scolaire-collines.com\/ecole\/wp-json\/wp\/v2\/users\/2"}],"replies":[{"embeddable":true,"href":"https:\/\/www.scolaire-collines.com\/ecole\/wp-json\/wp\/v2\/comments?post=1079"}],"version-history":[{"count":11,"href":"https:\/\/www.scolaire-collines.com\/ecole\/wp-json\/wp\/v2\/posts\/1079\/revisions"}],"predecessor-version":[{"id":1117,"href":"https:\/\/www.scolaire-collines.com\/ecole\/wp-json\/wp\/v2\/posts\/1079\/revisions\/1117"}],"wp:attachment":[{"href":"https:\/\/www.scolaire-collines.com\/ecole\/wp-json\/wp\/v2\/media?parent=1079"}],"wp:term":[{"taxonomy":"category","embeddable":true,"href":"https:\/\/www.scolaire-collines.com\/ecole\/wp-json\/wp\/v2\/categories?post=1079"},{"taxonomy":"post_tag","embeddable":true,"href":"https:\/\/www.scolaire-collines.com\/ecole\/wp-json\/wp\/v2\/tags?post=1079"}],"curies":[{"name":"wp","href":"https:\/\/api.w.org\/{rel}","templated":true}]}}