{"id":727,"date":"2024-02-19T10:58:34","date_gmt":"2024-02-19T09:58:34","guid":{"rendered":"http:\/\/www.scolaire-collines.com\/lycee\/?p=727"},"modified":"2025-02-26T09:58:50","modified_gmt":"2025-02-26T08:58:50","slug":"forum-des-metiers-2024","status":"publish","type":"post","link":"http:\/\/www.scolaire-collines.com\/lycee\/2024\/02\/19\/forum-des-metiers-2024\/","title":{"rendered":"FORUM DES METIERS 2024"},"content":{"rendered":"\r\n<p>Cette ann\u00e9e pour cette nouvelle session des forums des m\u00e9tiers, nos \u00e9l\u00e8ves ont d\u00e9cid\u00e9s de repr\u00e9senter notre \u00e9tablissement \u00e0 travers leurs r\u00e9alisation de chef d&rsquo;\u0153uvre mais aussi leur technique de ventre.<\/p>\r\n\r\n\r\n\r\n<p>Voici donc quelque photos &#8230;<\/p>\r\n\r\n\r\n\r\n<figure class=\"wp-block-image\"><img loading=\"lazy\" decoding=\"async\" width=\"576\" height=\"1024\" data-attachment-id=\"731\" data-permalink=\"http:\/\/www.scolaire-collines.com\/lycee\/2024\/02\/19\/forum-des-metiers-2024\/2024-vision-board-moodboard-tableau-visualisation-inspiration-motivation-story-instagram-fond-decran-iphone\/\" data-orig-file=\"http:\/\/www.scolaire-collines.com\/lycee\/wp-content\/uploads\/2024\/02\/2024-Vision-Board-moodboard-tableau-visualisation-inspiration-motivation-story-instagram-fond-d\u00e9cran-iphone.jpg\" data-orig-size=\"1080,1920\" data-comments-opened=\"0\" data-image-meta=\"{&quot;aperture&quot;:&quot;0&quot;,&quot;credit&quot;:&quot;&quot;,&quot;camera&quot;:&quot;&quot;,&quot;caption&quot;:&quot;&quot;,&quot;created_timestamp&quot;:&quot;0&quot;,&quot;copyright&quot;:&quot;&quot;,&quot;focal_length&quot;:&quot;0&quot;,&quot;iso&quot;:&quot;0&quot;,&quot;shutter_speed&quot;:&quot;0&quot;,&quot;title&quot;:&quot;&quot;,&quot;orientation&quot;:&quot;0&quot;}\" data-image-title=\"2024 Vision Board moodboard tableau visualisation inspiration motivation story instagram fond d&amp;rsquo;\u00e9cran iphone\" data-image-description=\"\" data-image-caption=\"\" data-medium-file=\"http:\/\/www.scolaire-collines.com\/lycee\/wp-content\/uploads\/2024\/02\/2024-Vision-Board-moodboard-tableau-visualisation-inspiration-motivation-story-instagram-fond-d\u00e9cran-iphone-169x300.jpg\" data-large-file=\"http:\/\/www.scolaire-collines.com\/lycee\/wp-content\/uploads\/2024\/02\/2024-Vision-Board-moodboard-tableau-visualisation-inspiration-motivation-story-instagram-fond-d\u00e9cran-iphone-576x1024.jpg\" class=\"wp-image-731\" src=\"http:\/\/www.scolaire-collines.com\/lycee\/wp-content\/uploads\/2024\/02\/2024-Vision-Board-moodboard-tableau-visualisation-inspiration-motivation-story-instagram-fond-d\u00e9cran-iphone-576x1024.jpg\" alt=\"\" srcset=\"http:\/\/www.scolaire-collines.com\/lycee\/wp-content\/uploads\/2024\/02\/2024-Vision-Board-moodboard-tableau-visualisation-inspiration-motivation-story-instagram-fond-d\u00e9cran-iphone-576x1024.jpg 576w, http:\/\/www.scolaire-collines.com\/lycee\/wp-content\/uploads\/2024\/02\/2024-Vision-Board-moodboard-tableau-visualisation-inspiration-motivation-story-instagram-fond-d\u00e9cran-iphone-169x300.jpg 169w, http:\/\/www.scolaire-collines.com\/lycee\/wp-content\/uploads\/2024\/02\/2024-Vision-Board-moodboard-tableau-visualisation-inspiration-motivation-story-instagram-fond-d\u00e9cran-iphone-768x1365.jpg 768w, http:\/\/www.scolaire-collines.com\/lycee\/wp-content\/uploads\/2024\/02\/2024-Vision-Board-moodboard-tableau-visualisation-inspiration-motivation-story-instagram-fond-d\u00e9cran-iphone.jpg 1080w\" sizes=\"auto, (max-width: 576px) 100vw, 576px\" \/><\/figure>\r\n","protected":false},"excerpt":{"rendered":"<p>Cette ann\u00e9e pour cette nouvelle session des forums des m\u00e9tiers, nos \u00e9l\u00e8ves ont d\u00e9cid\u00e9s de repr\u00e9senter notre \u00e9tablissement \u00e0 travers leurs r\u00e9alisation de chef d&rsquo;\u0153uvre mais aussi leur technique de [&hellip;]<\/p>\n","protected":false},"author":2,"featured_media":728,"comment_status":"closed","ping_status":"closed","sticky":false,"template":"","format":"standard","meta":{"_acf_changed":false,"jetpack_post_was_ever_published":false,"_jetpack_newsletter_access":"","_jetpack_dont_email_post_to_subs":false,"_jetpack_newsletter_tier_id":0,"_jetpack_memberships_contains_paywalled_content":false,"_jetpack_memberships_contains_paid_content":false,"footnotes":""},"categories":[1],"tags":[],"class_list":["post-727","post","type-post","status-publish","format-standard","has-post-thumbnail","hentry","category-non-classe"],"acf":[],"yoast_head":"<!-- This site is optimized with the Yoast SEO plugin v24.2 - https:\/\/yoast.com\/wordpress\/plugins\/seo\/ -->\n<title>FORUM DES METIERS 2024 - Lyc\u00e9e Notre Dame des Collines<\/title>\n<meta name=\"robots\" content=\"index, follow, max-snippet:-1, max-image-preview:large, max-video-preview:-1\" \/>\n<link rel=\"canonical\" href=\"http:\/\/www.scolaire-collines.com\/lycee\/2024\/02\/19\/forum-des-metiers-2024\/\" \/>\n<meta property=\"og:locale\" content=\"fr_FR\" \/>\n<meta property=\"og:type\" content=\"article\" \/>\n<meta property=\"og:title\" content=\"FORUM DES METIERS 2024 - Lyc\u00e9e Notre Dame des Collines\" \/>\n<meta property=\"og:description\" content=\"Cette ann\u00e9e pour cette nouvelle session des forums des m\u00e9tiers, nos \u00e9l\u00e8ves ont d\u00e9cid\u00e9s de repr\u00e9senter notre \u00e9tablissement \u00e0 travers leurs r\u00e9alisation de chef d&rsquo;\u0153uvre mais aussi leur technique de [&hellip;]\" \/>\n<meta property=\"og:url\" content=\"http:\/\/www.scolaire-collines.com\/lycee\/2024\/02\/19\/forum-des-metiers-2024\/\" \/>\n<meta property=\"og:site_name\" content=\"Lyc\u00e9e Notre Dame des Collines\" \/>\n<meta property=\"article:published_time\" content=\"2024-02-19T09:58:34+00:00\" \/>\n<meta property=\"article:modified_time\" content=\"2025-02-26T08:58:50+00:00\" \/>\n<meta property=\"og:image\" content=\"http:\/\/www.scolaire-collines.com\/lycee\/wp-content\/uploads\/2024\/02\/IMG_2191-1024x724.jpg\" \/>\n\t<meta property=\"og:image:width\" content=\"1024\" \/>\n\t<meta property=\"og:image:height\" content=\"724\" \/>\n\t<meta property=\"og:image:type\" content=\"image\/jpeg\" \/>\n<meta name=\"author\" content=\"Lyc\u00e9e Collines\" \/>\n<meta name=\"twitter:card\" content=\"summary_large_image\" \/>\n<meta name=\"twitter:label1\" content=\"\u00c9crit par\" \/>\n\t<meta name=\"twitter:data1\" content=\"Lyc\u00e9e Collines\" \/>\n\t<meta name=\"twitter:label2\" content=\"Dur\u00e9e de lecture estim\u00e9e\" \/>\n\t<meta name=\"twitter:data2\" content=\"1 minute\" \/>\n<script type=\"application\/ld+json\" class=\"yoast-schema-graph\">{\"@context\":\"https:\/\/schema.org\",\"@graph\":[{\"@type\":\"WebPage\",\"@id\":\"http:\/\/www.scolaire-collines.com\/lycee\/2024\/02\/19\/forum-des-metiers-2024\/\",\"url\":\"http:\/\/www.scolaire-collines.com\/lycee\/2024\/02\/19\/forum-des-metiers-2024\/\",\"name\":\"FORUM DES METIERS 2024 - Lyc\u00e9e Notre Dame des Collines\",\"isPartOf\":{\"@id\":\"http:\/\/www.scolaire-collines.com\/lycee\/#website\"},\"primaryImageOfPage\":{\"@id\":\"http:\/\/www.scolaire-collines.com\/lycee\/2024\/02\/19\/forum-des-metiers-2024\/#primaryimage\"},\"image\":{\"@id\":\"http:\/\/www.scolaire-collines.com\/lycee\/2024\/02\/19\/forum-des-metiers-2024\/#primaryimage\"},\"thumbnailUrl\":\"http:\/\/www.scolaire-collines.com\/lycee\/wp-content\/uploads\/2024\/02\/IMG_2191.jpg\",\"datePublished\":\"2024-02-19T09:58:34+00:00\",\"dateModified\":\"2025-02-26T08:58:50+00:00\",\"author\":{\"@id\":\"http:\/\/www.scolaire-collines.com\/lycee\/#\/schema\/person\/418c33b35853525a7be6a564d485e5a0\"},\"breadcrumb\":{\"@id\":\"http:\/\/www.scolaire-collines.com\/lycee\/2024\/02\/19\/forum-des-metiers-2024\/#breadcrumb\"},\"inLanguage\":\"fr-FR\",\"potentialAction\":[{\"@type\":\"ReadAction\",\"target\":[\"http:\/\/www.scolaire-collines.com\/lycee\/2024\/02\/19\/forum-des-metiers-2024\/\"]}]},{\"@type\":\"ImageObject\",\"inLanguage\":\"fr-FR\",\"@id\":\"http:\/\/www.scolaire-collines.com\/lycee\/2024\/02\/19\/forum-des-metiers-2024\/#primaryimage\",\"url\":\"http:\/\/www.scolaire-collines.com\/lycee\/wp-content\/uploads\/2024\/02\/IMG_2191.jpg\",\"contentUrl\":\"http:\/\/www.scolaire-collines.com\/lycee\/wp-content\/uploads\/2024\/02\/IMG_2191.jpg\",\"width\":4592,\"height\":3247},{\"@type\":\"BreadcrumbList\",\"@id\":\"http:\/\/www.scolaire-collines.com\/lycee\/2024\/02\/19\/forum-des-metiers-2024\/#breadcrumb\",\"itemListElement\":[{\"@type\":\"ListItem\",\"position\":1,\"name\":\"Accueil\",\"item\":\"http:\/\/www.scolaire-collines.com\/lycee\/\"},{\"@type\":\"ListItem\",\"position\":2,\"name\":\"FORUM DES METIERS 2024\"}]},{\"@type\":\"WebSite\",\"@id\":\"http:\/\/www.scolaire-collines.com\/lycee\/#website\",\"url\":\"http:\/\/www.scolaire-collines.com\/lycee\/\",\"name\":\"Lyc\u00e9e Notre Dame des Collines\",\"description\":\"Un lyc\u00e9e pour apprendre et s&#039;\u00e9panouir\",\"potentialAction\":[{\"@type\":\"SearchAction\",\"target\":{\"@type\":\"EntryPoint\",\"urlTemplate\":\"http:\/\/www.scolaire-collines.com\/lycee\/?s={search_term_string}\"},\"query-input\":{\"@type\":\"PropertyValueSpecification\",\"valueRequired\":true,\"valueName\":\"search_term_string\"}}],\"inLanguage\":\"fr-FR\"},{\"@type\":\"Person\",\"@id\":\"http:\/\/www.scolaire-collines.com\/lycee\/#\/schema\/person\/418c33b35853525a7be6a564d485e5a0\",\"name\":\"Lyc\u00e9e Collines\",\"image\":{\"@type\":\"ImageObject\",\"inLanguage\":\"fr-FR\",\"@id\":\"http:\/\/www.scolaire-collines.com\/lycee\/#\/schema\/person\/image\/\",\"url\":\"https:\/\/secure.gravatar.com\/avatar\/8d79d81d1713d55d528938409eaa7b55?s=96&d=mm&r=g\",\"contentUrl\":\"https:\/\/secure.gravatar.com\/avatar\/8d79d81d1713d55d528938409eaa7b55?s=96&d=mm&r=g\",\"caption\":\"Lyc\u00e9e Collines\"},\"url\":\"http:\/\/www.scolaire-collines.com\/lycee\/author\/lyceecollines\/\"}]}<\/script>\n<!-- \/ Yoast SEO plugin. -->","yoast_head_json":{"title":"FORUM DES METIERS 2024 - Lyc\u00e9e Notre Dame des Collines","robots":{"index":"index","follow":"follow","max-snippet":"max-snippet:-1","max-image-preview":"max-image-preview:large","max-video-preview":"max-video-preview:-1"},"canonical":"http:\/\/www.scolaire-collines.com\/lycee\/2024\/02\/19\/forum-des-metiers-2024\/","og_locale":"fr_FR","og_type":"article","og_title":"FORUM DES METIERS 2024 - Lyc\u00e9e Notre Dame des Collines","og_description":"Cette ann\u00e9e pour cette nouvelle session des forums des m\u00e9tiers, nos \u00e9l\u00e8ves ont d\u00e9cid\u00e9s de repr\u00e9senter notre \u00e9tablissement \u00e0 travers leurs r\u00e9alisation de chef d&rsquo;\u0153uvre mais aussi leur technique de [&hellip;]","og_url":"http:\/\/www.scolaire-collines.com\/lycee\/2024\/02\/19\/forum-des-metiers-2024\/","og_site_name":"Lyc\u00e9e Notre Dame des Collines","article_published_time":"2024-02-19T09:58:34+00:00","article_modified_time":"2025-02-26T08:58:50+00:00","og_image":[{"width":1024,"height":724,"url":"http:\/\/www.scolaire-collines.com\/lycee\/wp-content\/uploads\/2024\/02\/IMG_2191-1024x724.jpg","type":"image\/jpeg"}],"author":"Lyc\u00e9e Collines","twitter_card":"summary_large_image","twitter_misc":{"\u00c9crit par":"Lyc\u00e9e Collines","Dur\u00e9e de lecture estim\u00e9e":"1 minute"},"schema":{"@context":"https:\/\/schema.org","@graph":[{"@type":"WebPage","@id":"http:\/\/www.scolaire-collines.com\/lycee\/2024\/02\/19\/forum-des-metiers-2024\/","url":"http:\/\/www.scolaire-collines.com\/lycee\/2024\/02\/19\/forum-des-metiers-2024\/","name":"FORUM DES METIERS 2024 - Lyc\u00e9e Notre Dame des Collines","isPartOf":{"@id":"http:\/\/www.scolaire-collines.com\/lycee\/#website"},"primaryImageOfPage":{"@id":"http:\/\/www.scolaire-collines.com\/lycee\/2024\/02\/19\/forum-des-metiers-2024\/#primaryimage"},"image":{"@id":"http:\/\/www.scolaire-collines.com\/lycee\/2024\/02\/19\/forum-des-metiers-2024\/#primaryimage"},"thumbnailUrl":"http:\/\/www.scolaire-collines.com\/lycee\/wp-content\/uploads\/2024\/02\/IMG_2191.jpg","datePublished":"2024-02-19T09:58:34+00:00","dateModified":"2025-02-26T08:58:50+00:00","author":{"@id":"http:\/\/www.scolaire-collines.com\/lycee\/#\/schema\/person\/418c33b35853525a7be6a564d485e5a0"},"breadcrumb":{"@id":"http:\/\/www.scolaire-collines.com\/lycee\/2024\/02\/19\/forum-des-metiers-2024\/#breadcrumb"},"inLanguage":"fr-FR","potentialAction":[{"@type":"ReadAction","target":["http:\/\/www.scolaire-collines.com\/lycee\/2024\/02\/19\/forum-des-metiers-2024\/"]}]},{"@type":"ImageObject","inLanguage":"fr-FR","@id":"http:\/\/www.scolaire-collines.com\/lycee\/2024\/02\/19\/forum-des-metiers-2024\/#primaryimage","url":"http:\/\/www.scolaire-collines.com\/lycee\/wp-content\/uploads\/2024\/02\/IMG_2191.jpg","contentUrl":"http:\/\/www.scolaire-collines.com\/lycee\/wp-content\/uploads\/2024\/02\/IMG_2191.jpg","width":4592,"height":3247},{"@type":"BreadcrumbList","@id":"http:\/\/www.scolaire-collines.com\/lycee\/2024\/02\/19\/forum-des-metiers-2024\/#breadcrumb","itemListElement":[{"@type":"ListItem","position":1,"name":"Accueil","item":"http:\/\/www.scolaire-collines.com\/lycee\/"},{"@type":"ListItem","position":2,"name":"FORUM DES METIERS 2024"}]},{"@type":"WebSite","@id":"http:\/\/www.scolaire-collines.com\/lycee\/#website","url":"http:\/\/www.scolaire-collines.com\/lycee\/","name":"Lyc\u00e9e Notre Dame des Collines","description":"Un lyc\u00e9e pour apprendre et s&#039;\u00e9panouir","potentialAction":[{"@type":"SearchAction","target":{"@type":"EntryPoint","urlTemplate":"http:\/\/www.scolaire-collines.com\/lycee\/?s={search_term_string}"},"query-input":{"@type":"PropertyValueSpecification","valueRequired":true,"valueName":"search_term_string"}}],"inLanguage":"fr-FR"},{"@type":"Person","@id":"http:\/\/www.scolaire-collines.com\/lycee\/#\/schema\/person\/418c33b35853525a7be6a564d485e5a0","name":"Lyc\u00e9e Collines","image":{"@type":"ImageObject","inLanguage":"fr-FR","@id":"http:\/\/www.scolaire-collines.com\/lycee\/#\/schema\/person\/image\/","url":"https:\/\/secure.gravatar.com\/avatar\/8d79d81d1713d55d528938409eaa7b55?s=96&d=mm&r=g","contentUrl":"https:\/\/secure.gravatar.com\/avatar\/8d79d81d1713d55d528938409eaa7b55?s=96&d=mm&r=g","caption":"Lyc\u00e9e Collines"},"url":"http:\/\/www.scolaire-collines.com\/lycee\/author\/lyceecollines\/"}]}},"jetpack_sharing_enabled":true,"jetpack_featured_media_url":"http:\/\/www.scolaire-collines.com\/lycee\/wp-content\/uploads\/2024\/02\/IMG_2191.jpg","jetpack_shortlink":"https:\/\/wp.me\/p9EMeB-bJ","jetpack-related-posts":[],"_links":{"self":[{"href":"http:\/\/www.scolaire-collines.com\/lycee\/wp-json\/wp\/v2\/posts\/727","targetHints":{"allow":["GET"]}}],"collection":[{"href":"http:\/\/www.scolaire-collines.com\/lycee\/wp-json\/wp\/v2\/posts"}],"about":[{"href":"http:\/\/www.scolaire-collines.com\/lycee\/wp-json\/wp\/v2\/types\/post"}],"author":[{"embeddable":true,"href":"http:\/\/www.scolaire-collines.com\/lycee\/wp-json\/wp\/v2\/users\/2"}],"replies":[{"embeddable":true,"href":"http:\/\/www.scolaire-collines.com\/lycee\/wp-json\/wp\/v2\/comments?post=727"}],"version-history":[{"count":2,"href":"http:\/\/www.scolaire-collines.com\/lycee\/wp-json\/wp\/v2\/posts\/727\/revisions"}],"predecessor-version":[{"id":777,"href":"http:\/\/www.scolaire-collines.com\/lycee\/wp-json\/wp\/v2\/posts\/727\/revisions\/777"}],"wp:featuredmedia":[{"embeddable":true,"href":"http:\/\/www.scolaire-collines.com\/lycee\/wp-json\/wp\/v2\/media\/728"}],"wp:attachment":[{"href":"http:\/\/www.scolaire-collines.com\/lycee\/wp-json\/wp\/v2\/media?parent=727"}],"wp:term":[{"taxonomy":"category","embeddable":true,"href":"http:\/\/www.scolaire-collines.com\/lycee\/wp-json\/wp\/v2\/categories?post=727"},{"taxonomy":"post_tag","embeddable":true,"href":"http:\/\/www.scolaire-collines.com\/lycee\/wp-json\/wp\/v2\/tags?post=727"}],"curies":[{"name":"wp","href":"https:\/\/api.w.org\/{rel}","templated":true}]}}